{"id":4699,"date":"2018-07-31T19:34:47","date_gmt":"2018-07-31T19:34:47","guid":{"rendered":"https:\/\/www.evomontreal.com\/?p=4699"},"modified":"2018-07-31T20:41:36","modified_gmt":"2018-07-31T20:41:36","slug":"les-festivals-a-ne-pas-rater-ce-mois-daout","status":"publish","type":"post","link":"https:\/\/www.evomontreal.com\/fr\/les-festivals-a-ne-pas-rater-ce-mois-daout\/","title":{"rendered":"Les festivals \u00e0 ne pas manquer ce mois d&#8217;ao\u00fbt!"},"content":{"rendered":"<p>C\u2019est le feu cet \u00e9t\u00e9 \u00e0 Montr\u00e9al!<\/p>\n<p>De nombreux festivals animent la ville et ce mois d\u2019ao\u00fbt ce sont les plus gros festivals qui t\u2019attendent!<\/p>\n<p>Osheaga, Ile Soniq\u2026 \u00e7a te parle?&nbsp;<\/p>\n<p>Allez, on profite de ce dernier mois d\u2019\u00e9t\u00e9!&nbsp;<\/p>\n<h1>Osheaga&nbsp;<\/h1>\n<h5>Du 3 au 5 ao\u00fbt&nbsp;<\/h5>\n<p>Le festival le plus attendu de tout les temps, c\u2019est bien OSHEAGA! Il est l\u2019un des plus important festival de son genre au Canada.<\/p>\n<p>Pendant 3 jours, plus de 90 groupes vont se succ\u00e9der sur sc\u00e8ne, et la ville sera dans une ambiance plus que festive!<\/p>\n<p>Cette ann\u00e9e, le rappeur Travis Scott, le groupe Arctic Monkeys, Odesza sont en t\u00eate d\u2019affiche!&nbsp;<\/p>\n<p>N\u2019oublie pas ton look Osh\u00e9aga \ud83d\ude09&nbsp;<\/p>\n<figure><a href=\"https:\/\/www.evomontreal.com\/wp-content\/uploads\/2017\/07\/osheaga.jpg\"><img decoding=\"async\" class=\"alignnone\" src=\"https:\/\/www.evomontreal.com\/wp-content\/uploads\/2017\/07\/osheaga-300x169.jpg\"><\/a><\/figure>\n<h1>Ile Soniq<\/h1>\n<h5>Du 10 au 11 ao\u00fbt&nbsp;<\/h5>\n<p>Aussi impressionnant qu\u2019Osh\u00e9aga, Ile Soniq est un grand festival au rythme \u00e9lectronique, danse et hip hop !<\/p>\n<p>Parmi les t\u00eates d\u2019affiches, on y trouve : The Chainsmokers, Dj Snake, Diplo.<\/p>\n<figure><a href=\"https:\/\/www.evomontreal.com\/wp-content\/uploads\/2017\/07\/ilesoniq-2017-en.jpg\"><img decoding=\"async\" class=\"alignnone\" src=\"https:\/\/www.evomontreal.com\/wp-content\/uploads\/2017\/07\/ilesoniq-2017-en-300x150.jpg\"><\/a><\/figure>\n<h1>Fiert\u00e9 Montr\u00e9al<\/h1>\n<h5>Du 9 au 19 juillet<\/h5>\n<p>Une semaine pour lever les couleurs du mouvement LGBTQ canadien dans les rues de Montr\u00e9al!<\/p>\n<p>De nombreux \u00e9v\u00e8nements sportifs, culturels, festivaliers sont attendu!<\/p>\n<p>Le traditionnel d\u00e9fil\u00e9 se d\u00e9roulera le dimanche 19 ao\u00fbt.<\/p>\n<figure><a href=\"https:\/\/www.evomontreal.com\/wp-content\/uploads\/2017\/07\/fiert\u00e9-quebec.png\"><img decoding=\"async\" class=\"alignnone\" src=\"https:\/\/www.evomontreal.com\/wp-content\/uploads\/2017\/07\/fiert\u00e9-quebec-300x150.png\"><\/a><\/figure>\n<h1>Mutek<\/h1>\n<h5>Du 22 au 26 ao\u00fbt<\/h5>\n<p>Un rendez-vous pour les amateurs de musiques \u00e9lectronique et audiovisuelle.<\/p>\n<p>Cette 19eme \u00e9dition de festival mettra l\u2019accent sur la place des femmes dans les arts num\u00e9riques et la musique \u00e9lectronique avec une forte repr\u00e9sentation d\u2019artistes f\u00e9minines sur sc\u00e8ne!<\/p>\n<figure><a href=\"https:\/\/www.evomontreal.com\/wp-content\/uploads\/2017\/07\/mutek.jpg\"><img decoding=\"async\" class=\"alignnone\" src=\"https:\/\/www.evomontreal.com\/wp-content\/uploads\/2017\/07\/mutek-300x169.jpg\"><\/a><\/figure>\n<h1>Festival Matsuri Japon&nbsp;<\/h1>\n<h5>11 ao\u00fbt&nbsp;<\/h5>\n<p>Viens c\u00e9l\u00e9brer la communaut\u00e9 japonaise de Montr\u00e9al durant ce festival d&#8217;\u00e9t\u00e9.<\/p>\n<p>Ateliers, spectacles, musiques et gastronomie !<\/p>\n<figure><a href=\"https:\/\/www.evomontreal.com\/wp-content\/uploads\/2018\/07\/cropped-header1.jpg\"><img decoding=\"async\" class=\"alignnone\" src=\"https:\/\/www.evomontreal.com\/wp-content\/uploads\/2018\/07\/cropped-header1-300x138.jpg\"><\/a><\/figure>\n<h1>FESTIVAL DES FILMS DU MONDE DE MONTR\u00c9AL<\/h1>\n<h5>Du 23 ao\u00fbt au 3 septembre<\/h5>\n<p>Un festival du cin\u00e9ma d\u00e9di\u00e9 au cin\u00e9ma de qualit\u00e9 de tous les continents avec des programmations de films \u00e0 la belle \u00e9toile !&nbsp;<\/p>\n<figure><a href=\"https:\/\/www.evomontreal.com\/wp-content\/uploads\/2017\/07\/FFMLOGO.jpg\"><img decoding=\"async\" class=\"alignnone\" src=\"https:\/\/www.evomontreal.com\/wp-content\/uploads\/2017\/07\/FFMLOGO-300x112.jpg\"><\/a><\/figure>\n<h1>FESTIVAL MODE ET DESIGN<\/h1>\n<h5>Du 20 au 25 ao\u00fbt&nbsp;<\/h5>\n<p>Pour les fashionistas ou les blogeurs(blogeuses) c\u2019est le rendez-vous de l\u2019ann\u00e9e!<\/p>\n<p>Retrouvez la mode dans les rues de Montr\u00e9al!&nbsp;<\/p>\n<p>Chaque ann\u00e9e, de nombreux designers canadiens de renom, d\u00e9taillants, cr\u00e9ateurs \u00e9mergents et ic\u00f4nes internationales de mode y partagent leur art.<\/p>\n<figure><a href=\"https:\/\/www.evomontreal.com\/wp-content\/uploads\/2018\/07\/5-defiles-ne-pas-manquer-au-festival-mode-design-2015-305861.jpg\"><img decoding=\"async\" class=\"alignnone\" src=\"https:\/\/www.evomontreal.com\/wp-content\/uploads\/2018\/07\/5-defiles-ne-pas-manquer-au-festival-mode-design-2015-305861-300x158.jpg\"><\/a><\/figure>\n","protected":false},"excerpt":{"rendered":"<p>C\u2019est le feu cet \u00e9t\u00e9 \u00e0 Montr\u00e9al! De nombreux festivals animent la ville et ce mois d\u2019ao\u00fbt ce sont les plus gros festivals qui t\u2019attendent! Osheaga, Ile Soniq\u2026 \u00e7a te parle?&nbsp; Allez, on profite de ce dernier mois d\u2019\u00e9t\u00e9!&nbsp; Osheaga&nbsp; Du 3 au 5 ao\u00fbt&nbsp; Le festival le plus attendu de tout les temps, c\u2019est [&hellip;]<\/p>\n","protected":false},"author":4,"featured_media":4704,"comment_status":"open","ping_status":"open","sticky":false,"template":"","format":"standard","meta":{"ngg_post_thumbnail":0,"footnotes":""},"categories":[43,45,40],"tags":[],"class_list":["post-4699","post","type-post","status-publish","format-standard","has-post-thumbnail","hentry","category-evenements","category-nightlife-fr","category-vie-etudiante"],"yoast_head":"<!-- This site is optimized with the Yoast SEO plugin v16.2 - https:\/\/yoast.com\/wordpress\/plugins\/seo\/ -->\n<meta name=\"robots\" content=\"index, follow, max-snippet:-1, max-image-preview:large, max-video-preview:-1\" \/>\n<link rel=\"canonical\" href=\"https:\/\/www.evomontreal.com\/fr\/les-festivals-a-ne-pas-rater-ce-mois-daout\/\" \/>\n<meta property=\"og:locale\" content=\"fr_FR\" \/>\n<meta property=\"og:type\" content=\"article\" \/>\n<meta property=\"og:title\" content=\"Les festivals \u00e0 ne pas manquer ce mois d&#039;ao\u00fbt! | Evo Montreal\" \/>\n<meta property=\"og:description\" content=\"C\u2019est le feu cet \u00e9t\u00e9 \u00e0 Montr\u00e9al! De nombreux festivals animent la ville et ce mois d\u2019ao\u00fbt ce sont les plus gros festivals qui t\u2019attendent! Osheaga, Ile Soniq\u2026 \u00e7a te parle?&nbsp; Allez, on profite de ce dernier mois d\u2019\u00e9t\u00e9!&nbsp; Osheaga&nbsp; Du 3 au 5 ao\u00fbt&nbsp; Le festival le plus attendu de tout les temps, c\u2019est [&hellip;]\" \/>\n<meta property=\"og:url\" content=\"https:\/\/www.evomontreal.com\/fr\/les-festivals-a-ne-pas-rater-ce-mois-daout\/\" \/>\n<meta property=\"og:site_name\" content=\"Evo Montreal\" \/>\n<meta property=\"article:publisher\" content=\"https:\/\/www.facebook.com\/evomontreal\" \/>\n<meta property=\"article:published_time\" content=\"2018-07-31T19:34:47+00:00\" \/>\n<meta property=\"article:modified_time\" content=\"2018-07-31T20:41:36+00:00\" \/>\n<meta property=\"og:image\" content=\"https:\/\/www.evomontreal.com\/wp-content\/uploads\/2018\/07\/AdobeStock_117271192-1024x683.jpeg\" \/>\n\t<meta property=\"og:image:width\" content=\"1024\" \/>\n\t<meta property=\"og:image:height\" content=\"683\" \/>\n<meta name=\"twitter:card\" content=\"summary_large_image\" \/>\n<meta name=\"twitter:creator\" content=\"@evomontreal\" \/>\n<meta name=\"twitter:site\" content=\"@evomontreal\" \/>\n<meta name=\"twitter:label1\" content=\"Dur\u00e9e de lecture est.\">\n\t<meta name=\"twitter:data1\" content=\"2 minutes\">\n<script type=\"application\/ld+json\" class=\"yoast-schema-graph\">{\"@context\":\"https:\/\/schema.org\",\"@graph\":[{\"@type\":\"WebSite\",\"@id\":\"https:\/\/www.evomontreal.com\/#website\",\"url\":\"https:\/\/www.evomontreal.com\/\",\"name\":\"Evo Montreal\",\"description\":\"\",\"potentialAction\":[{\"@type\":\"SearchAction\",\"target\":\"https:\/\/www.evomontreal.com\/?s={search_term_string}\",\"query-input\":\"required name=search_term_string\"}],\"inLanguage\":\"fr-FR\"},{\"@type\":\"ImageObject\",\"@id\":\"https:\/\/www.evomontreal.com\/fr\/les-festivals-a-ne-pas-rater-ce-mois-daout\/#primaryimage\",\"inLanguage\":\"fr-FR\",\"url\":\"https:\/\/www.evomontreal.com\/wp-content\/uploads\/2018\/07\/AdobeStock_117271192.jpeg\",\"contentUrl\":\"https:\/\/www.evomontreal.com\/wp-content\/uploads\/2018\/07\/AdobeStock_117271192.jpeg\",\"width\":7360,\"height\":4912,\"caption\":\"osheaga evo\"},{\"@type\":\"WebPage\",\"@id\":\"https:\/\/www.evomontreal.com\/fr\/les-festivals-a-ne-pas-rater-ce-mois-daout\/#webpage\",\"url\":\"https:\/\/www.evomontreal.com\/fr\/les-festivals-a-ne-pas-rater-ce-mois-daout\/\",\"name\":\"Les festivals \\u00e0 ne pas manquer ce mois d'ao\\u00fbt! | Evo Montreal\",\"isPartOf\":{\"@id\":\"https:\/\/www.evomontreal.com\/#website\"},\"primaryImageOfPage\":{\"@id\":\"https:\/\/www.evomontreal.com\/fr\/les-festivals-a-ne-pas-rater-ce-mois-daout\/#primaryimage\"},\"datePublished\":\"2018-07-31T19:34:47+00:00\",\"dateModified\":\"2018-07-31T20:41:36+00:00\",\"author\":{\"@id\":\"https:\/\/www.evomontreal.com\/#\/schema\/person\/f51288c8e3cb8a4242eda64acd5162ff\"},\"breadcrumb\":{\"@id\":\"https:\/\/www.evomontreal.com\/fr\/les-festivals-a-ne-pas-rater-ce-mois-daout\/#breadcrumb\"},\"inLanguage\":\"fr-FR\",\"potentialAction\":[{\"@type\":\"ReadAction\",\"target\":[\"https:\/\/www.evomontreal.com\/fr\/les-festivals-a-ne-pas-rater-ce-mois-daout\/\"]}]},{\"@type\":\"BreadcrumbList\",\"@id\":\"https:\/\/www.evomontreal.com\/fr\/les-festivals-a-ne-pas-rater-ce-mois-daout\/#breadcrumb\",\"itemListElement\":[{\"@type\":\"ListItem\",\"position\":1,\"item\":{\"@type\":\"WebPage\",\"@id\":\"https:\/\/www.evomontreal.com\/fr\/home\/\",\"url\":\"https:\/\/www.evomontreal.com\/fr\/home\/\",\"name\":\"Home\"}},{\"@type\":\"ListItem\",\"position\":2,\"item\":{\"@id\":\"https:\/\/www.evomontreal.com\/fr\/les-festivals-a-ne-pas-rater-ce-mois-daout\/#webpage\"}}]},{\"@type\":\"Person\",\"@id\":\"https:\/\/www.evomontreal.com\/#\/schema\/person\/f51288c8e3cb8a4242eda64acd5162ff\",\"name\":\"Sarah Ricard\",\"image\":{\"@type\":\"ImageObject\",\"@id\":\"https:\/\/www.evomontreal.com\/#personlogo\",\"inLanguage\":\"fr-FR\",\"url\":\"https:\/\/secure.gravatar.com\/avatar\/635c0f6c79e0a172647803f1e5b78e548226fda758e540f7766e3e1791894869?s=96&d=mm&r=g\",\"contentUrl\":\"https:\/\/secure.gravatar.com\/avatar\/635c0f6c79e0a172647803f1e5b78e548226fda758e540f7766e3e1791894869?s=96&d=mm&r=g\",\"caption\":\"Sarah Ricard\"}}]}<\/script>\n<!-- \/ Yoast SEO plugin. -->","_links":{"self":[{"href":"https:\/\/www.evomontreal.com\/fr\/wp-json\/wp\/v2\/posts\/4699\/"}],"collection":[{"href":"https:\/\/www.evomontreal.com\/fr\/wp-json\/wp\/v2\/posts\/"}],"about":[{"href":"https:\/\/www.evomontreal.com\/fr\/wp-json\/wp\/v2\/types\/post\/"}],"author":[{"embeddable":true,"href":"https:\/\/www.evomontreal.com\/fr\/wp-json\/wp\/v2\/users\/4\/"}],"replies":[{"embeddable":true,"href":"https:\/\/www.evomontreal.com\/fr\/wp-json\/wp\/v2\/comments\/?post=4699"}],"version-history":[{"count":0,"href":"https:\/\/www.evomontreal.com\/fr\/wp-json\/wp\/v2\/posts\/4699\/revisions\/"}],"wp:featuredmedia":[{"embeddable":true,"href":"https:\/\/www.evomontreal.com\/fr\/wp-json\/wp\/v2\/media\/4704\/"}],"wp:attachment":[{"href":"https:\/\/www.evomontreal.com\/fr\/wp-json\/wp\/v2\/media\/?parent=4699"}],"wp:term":[{"taxonomy":"category","embeddable":true,"href":"https:\/\/www.evomontreal.com\/fr\/wp-json\/wp\/v2\/categories\/?post=4699"},{"taxonomy":"post_tag","embeddable":true,"href":"https:\/\/www.evomontreal.com\/fr\/wp-json\/wp\/v2\/tags\/?post=4699"}],"curies":[{"name":"wp","href":"https:\/\/api.w.org\/{rel}","templated":true}]}}