{"id":4663,"date":"2018-05-30T15:06:01","date_gmt":"2018-05-30T15:06:01","guid":{"rendered":"https:\/\/www.evomontreal.com\/?p=4663"},"modified":"2018-05-30T18:41:56","modified_gmt":"2018-05-30T18:41:56","slug":"les-5-festivals-a-ne-pas-manquer-au-mois-de-juin","status":"publish","type":"post","link":"https:\/\/www.evomontreal.com\/fr\/les-5-festivals-a-ne-pas-manquer-au-mois-de-juin\/","title":{"rendered":"Les 5 festivals \u00e0 ne pas manquer au mois de juin !"},"content":{"rendered":"<p>Le mois de juin est un avant go\u00fbt de l\u2019\u00e9t\u00e9 \u00e0 Montr\u00e9al!&nbsp;<\/p>\n<p>De nombreuses festivit\u00e9s et attractions d\u00e9butent ce mois-ci, pas d\u2019excuse pour rester chez soi !&nbsp;<\/p>\n<p>On sort et on profite de la belle saison!<\/p>\n<p>Voici 5 festivals \u00e0 ne pas manquer ce mois de juin :<\/p>\n<p>&nbsp;<\/p>\n<h2>-FESTIVAL MURAL<\/h2>\n<h5>Du 07 juin au 17 juin<\/h5>\n<p>Mythique et incontournable \u00e0 Montr\u00e9al &nbsp;!&nbsp;<\/p>\n<p>De nombreux artistes venant du monde entier, habillent les murs de Montr\u00e9al!<\/p>\n<p>Un festival cr\u00e9atif qui anime pendant 10 jours le boulevard Saint-Laurent.&nbsp;<\/p>\n<h6>https:\/\/www.facebook.com\/MuralFestival\/<\/h6>\n<figure><img decoding=\"async\" class=\"alignnone\" src=\"https:\/\/www.evomontreal.com\/wp-content\/uploads\/2018\/05\/228500_14ad3db957b81c1441b86cce7606f117a39fa562-300x200.jpg\"><\/figure>\n<p>&nbsp;<\/p>\n<h2>-FRANCO DE MONTREAL<\/h2>\n<h5>Du 08 juin au 17 juin<\/h5>\n<p>La plus grande f\u00eate de la musique francophone au monde !&nbsp;<\/p>\n<p>Des concerts gratuits, pour nous faire danser et chanter !<\/p>\n<p>Un festival remarquable en plein centre de Montr\u00e9al sur la Place des Arts.&nbsp;<\/p>\n<h6>https:\/\/www.facebook.com\/FrancosMTL\/<\/h6>\n<figure><img decoding=\"async\" class=\"alignnone\" src=\"https:\/\/www.evomontreal.com\/wp-content\/uploads\/2018\/05\/francos-de-montreal-la-foule-au-spectacle-300x225.jpg\"><\/figure>\n<p>&nbsp;<\/p>\n<h2>-FESTIVAL INTERNATIONAL DE JAZZ MONTR\u00c9AL<\/h2>\n<h5>Du 28 juin au 7 juillet<\/h5>\n<p>Consacr\u00e9 par les Guinness World Records comme le plus grand festival de jazz de la plan\u00e8te, le Festival International de Jazz de Montr\u00e9al est, depuis pr\u00e8s de 40 ans, synonyme de passion musicale.&nbsp;<\/p>\n<p>10 jours de musique jazz \u00e0 l\u2019ext\u00e9rieure et \u00e0 l\u2019int\u00e9rieure! Une des plus belle f\u00eate de l\u2019\u00e9t\u00e9 !<\/p>\n<h6>https:\/\/www.facebook.com\/montrealjazzfest\/<\/h6>\n<figure><a href=\"https:\/\/www.evomontreal.com\/wp-content\/uploads\/2018\/05\/dix-raisons-d-aller-au-festival-international-de-jazz-de-montreal_5897287.jpg\"><img decoding=\"async\" class=\"alignnone\" src=\"https:\/\/www.evomontreal.com\/wp-content\/uploads\/2018\/05\/dix-raisons-d-aller-au-festival-international-de-jazz-de-montreal_5897287-300x169.jpg\"><\/a><\/figure>\n<p>&nbsp;<\/p>\n<h2>-FESTIVAL FRINGE DE MONTR\u00c9AL<\/h2>\n<h5>Du 28 mai au 17 juin<\/h5>\n<p>Du th\u00e9\u00e2tre, de la danse, de la musique, du cirque, de la magie\u2026 une diversit\u00e9 de spectacles artistiques et culturelles.<\/p>\n<p>Une autre fa\u00e7on de faire la f\u00eate!&nbsp;<\/p>\n<p>Alors \u00ab&nbsp;Fringes-tu&nbsp;?&nbsp;\u00bb<\/p>\n<h6>https:\/\/www.facebook.com\/FRINGEmtl\/<\/h6>\n<figure><a href=\"https:\/\/www.evomontreal.com\/wp-content\/uploads\/2018\/05\/Fringe.Park_.png\"><img decoding=\"async\" class=\"alignnone\" src=\"https:\/\/www.evomontreal.com\/wp-content\/uploads\/2018\/05\/Fringe.Park_-300x199.png\"><\/a><\/figure>\n<p>&nbsp;<\/p>\n<h2>-Grand Prix de Formule 1 de Montr\u00e9al&nbsp;<\/h2>\n<h5>Du 08 &nbsp;au 10 juin<\/h5>\n<div id=\"goo_important_note_text\">\n<p>Pour les amateurs de voitures et de formule 1, cet \u00e9v\u00e8nement est pour toi ! Organis\u00e9 sur le circuit temporaire Gilles Villeneuve de l&#8217;\u00eele de Notre-Dame, le Grand Prix canadien de la belle ville de Montr\u00e9al est l&#8217;un des temps forts de la saison.&nbsp;<\/p>\n<h6>https:\/\/www.canada-grand-prix.com\/fr\/2564-canada-f1\/<\/h6>\n<figure><a href=\"https:\/\/www.evomontreal.com\/wp-content\/uploads\/2018\/05\/grand-prix-du-canada-circuit-gilles-villeneuve-parc-jean-drapeau.jpg\"><img decoding=\"async\" class=\"alignnone\" src=\"https:\/\/www.evomontreal.com\/wp-content\/uploads\/2018\/05\/grand-prix-du-canada-circuit-gilles-villeneuve-parc-jean-drapeau-300x150.jpg\"><\/a><\/figure>\n<\/div>\n<p>Profite bien !&nbsp;<\/p>\n<p>Sache que tu peux avoir des prix r\u00e9duits sur les spectacles avec ta carte evo sur le site <a href=\"https:\/\/www.giveaseat.ca\">giveaseat.com !&nbsp;<\/a><\/p>\n<p>Pour plus d&#8217;information, rendez-vous \u00e0 la r\u00e9ception!<\/p>\n","protected":false},"excerpt":{"rendered":"<p>Le mois de juin est un avant go\u00fbt de l\u2019\u00e9t\u00e9 \u00e0 Montr\u00e9al!&nbsp; De nombreuses festivit\u00e9s et attractions d\u00e9butent ce mois-ci, pas d\u2019excuse pour rester chez soi !&nbsp; On sort et on profite de la belle saison! Voici 5 festivals \u00e0 ne pas manquer ce mois de juin : &nbsp; -FESTIVAL MURAL Du 07 juin au [&hellip;]<\/p>\n","protected":false},"author":4,"featured_media":4684,"comment_status":"open","ping_status":"open","sticky":false,"template":"","format":"standard","meta":{"ngg_post_thumbnail":0,"footnotes":""},"categories":[43,44,40],"tags":[],"class_list":["post-4663","post","type-post","status-publish","format-standard","has-post-thumbnail","hentry","category-evenements","category-programmes-evo","category-vie-etudiante"],"yoast_head":"<!-- This site is optimized with the Yoast SEO plugin v16.2 - https:\/\/yoast.com\/wordpress\/plugins\/seo\/ -->\n<meta name=\"robots\" content=\"index, follow, max-snippet:-1, max-image-preview:large, max-video-preview:-1\" \/>\n<link rel=\"canonical\" href=\"https:\/\/www.evomontreal.com\/fr\/les-5-festivals-a-ne-pas-manquer-au-mois-de-juin\/\" \/>\n<meta property=\"og:locale\" content=\"fr_FR\" \/>\n<meta property=\"og:type\" content=\"article\" \/>\n<meta property=\"og:title\" content=\"Les 5 festivals \u00e0 ne pas manquer au mois de juin ! | Evo Montreal\" \/>\n<meta property=\"og:description\" content=\"Le mois de juin est un avant go\u00fbt de l\u2019\u00e9t\u00e9 \u00e0 Montr\u00e9al!&nbsp; De nombreuses festivit\u00e9s et attractions d\u00e9butent ce mois-ci, pas d\u2019excuse pour rester chez soi !&nbsp; On sort et on profite de la belle saison! Voici 5 festivals \u00e0 ne pas manquer ce mois de juin : &nbsp; -FESTIVAL MURAL Du 07 juin au [&hellip;]\" \/>\n<meta property=\"og:url\" content=\"https:\/\/www.evomontreal.com\/fr\/les-5-festivals-a-ne-pas-manquer-au-mois-de-juin\/\" \/>\n<meta property=\"og:site_name\" content=\"Evo Montreal\" \/>\n<meta property=\"article:publisher\" content=\"https:\/\/www.facebook.com\/evomontreal\" \/>\n<meta property=\"article:published_time\" content=\"2018-05-30T15:06:01+00:00\" \/>\n<meta property=\"article:modified_time\" content=\"2018-05-30T18:41:56+00:00\" \/>\n<meta property=\"og:image\" content=\"https:\/\/www.evomontreal.com\/wp-content\/uploads\/2018\/05\/AdobeStock_139213570-1024x680.jpeg\" \/>\n\t<meta property=\"og:image:width\" content=\"1024\" \/>\n\t<meta property=\"og:image:height\" content=\"680\" \/>\n<meta name=\"twitter:card\" content=\"summary_large_image\" \/>\n<meta name=\"twitter:creator\" content=\"@evomontreal\" \/>\n<meta name=\"twitter:site\" content=\"@evomontreal\" \/>\n<meta name=\"twitter:label1\" content=\"Dur\u00e9e de lecture est.\">\n\t<meta name=\"twitter:data1\" content=\"2 minutes\">\n<script type=\"application\/ld+json\" class=\"yoast-schema-graph\">{\"@context\":\"https:\/\/schema.org\",\"@graph\":[{\"@type\":\"WebSite\",\"@id\":\"https:\/\/www.evomontreal.com\/#website\",\"url\":\"https:\/\/www.evomontreal.com\/\",\"name\":\"Evo Montreal\",\"description\":\"\",\"potentialAction\":[{\"@type\":\"SearchAction\",\"target\":\"https:\/\/www.evomontreal.com\/?s={search_term_string}\",\"query-input\":\"required name=search_term_string\"}],\"inLanguage\":\"fr-FR\"},{\"@type\":\"ImageObject\",\"@id\":\"https:\/\/www.evomontreal.com\/fr\/les-5-festivals-a-ne-pas-manquer-au-mois-de-juin\/#primaryimage\",\"inLanguage\":\"fr-FR\",\"url\":\"https:\/\/www.evomontreal.com\/wp-content\/uploads\/2018\/05\/AdobeStock_139213570.jpeg\",\"contentUrl\":\"https:\/\/www.evomontreal.com\/wp-content\/uploads\/2018\/05\/AdobeStock_139213570.jpeg\",\"width\":4912,\"height\":3264},{\"@type\":\"WebPage\",\"@id\":\"https:\/\/www.evomontreal.com\/fr\/les-5-festivals-a-ne-pas-manquer-au-mois-de-juin\/#webpage\",\"url\":\"https:\/\/www.evomontreal.com\/fr\/les-5-festivals-a-ne-pas-manquer-au-mois-de-juin\/\",\"name\":\"Les 5 festivals \\u00e0 ne pas manquer au mois de juin ! | Evo Montreal\",\"isPartOf\":{\"@id\":\"https:\/\/www.evomontreal.com\/#website\"},\"primaryImageOfPage\":{\"@id\":\"https:\/\/www.evomontreal.com\/fr\/les-5-festivals-a-ne-pas-manquer-au-mois-de-juin\/#primaryimage\"},\"datePublished\":\"2018-05-30T15:06:01+00:00\",\"dateModified\":\"2018-05-30T18:41:56+00:00\",\"author\":{\"@id\":\"https:\/\/www.evomontreal.com\/#\/schema\/person\/f51288c8e3cb8a4242eda64acd5162ff\"},\"breadcrumb\":{\"@id\":\"https:\/\/www.evomontreal.com\/fr\/les-5-festivals-a-ne-pas-manquer-au-mois-de-juin\/#breadcrumb\"},\"inLanguage\":\"fr-FR\",\"potentialAction\":[{\"@type\":\"ReadAction\",\"target\":[\"https:\/\/www.evomontreal.com\/fr\/les-5-festivals-a-ne-pas-manquer-au-mois-de-juin\/\"]}]},{\"@type\":\"BreadcrumbList\",\"@id\":\"https:\/\/www.evomontreal.com\/fr\/les-5-festivals-a-ne-pas-manquer-au-mois-de-juin\/#breadcrumb\",\"itemListElement\":[{\"@type\":\"ListItem\",\"position\":1,\"item\":{\"@type\":\"WebPage\",\"@id\":\"https:\/\/www.evomontreal.com\/fr\/home\/\",\"url\":\"https:\/\/www.evomontreal.com\/fr\/home\/\",\"name\":\"Home\"}},{\"@type\":\"ListItem\",\"position\":2,\"item\":{\"@id\":\"https:\/\/www.evomontreal.com\/fr\/les-5-festivals-a-ne-pas-manquer-au-mois-de-juin\/#webpage\"}}]},{\"@type\":\"Person\",\"@id\":\"https:\/\/www.evomontreal.com\/#\/schema\/person\/f51288c8e3cb8a4242eda64acd5162ff\",\"name\":\"Sarah Ricard\",\"image\":{\"@type\":\"ImageObject\",\"@id\":\"https:\/\/www.evomontreal.com\/#personlogo\",\"inLanguage\":\"fr-FR\",\"url\":\"https:\/\/secure.gravatar.com\/avatar\/635c0f6c79e0a172647803f1e5b78e548226fda758e540f7766e3e1791894869?s=96&d=mm&r=g\",\"contentUrl\":\"https:\/\/secure.gravatar.com\/avatar\/635c0f6c79e0a172647803f1e5b78e548226fda758e540f7766e3e1791894869?s=96&d=mm&r=g\",\"caption\":\"Sarah Ricard\"}}]}<\/script>\n<!-- \/ Yoast SEO plugin. -->","_links":{"self":[{"href":"https:\/\/www.evomontreal.com\/fr\/wp-json\/wp\/v2\/posts\/4663\/"}],"collection":[{"href":"https:\/\/www.evomontreal.com\/fr\/wp-json\/wp\/v2\/posts\/"}],"about":[{"href":"https:\/\/www.evomontreal.com\/fr\/wp-json\/wp\/v2\/types\/post\/"}],"author":[{"embeddable":true,"href":"https:\/\/www.evomontreal.com\/fr\/wp-json\/wp\/v2\/users\/4\/"}],"replies":[{"embeddable":true,"href":"https:\/\/www.evomontreal.com\/fr\/wp-json\/wp\/v2\/comments\/?post=4663"}],"version-history":[{"count":0,"href":"https:\/\/www.evomontreal.com\/fr\/wp-json\/wp\/v2\/posts\/4663\/revisions\/"}],"wp:featuredmedia":[{"embeddable":true,"href":"https:\/\/www.evomontreal.com\/fr\/wp-json\/wp\/v2\/media\/4684\/"}],"wp:attachment":[{"href":"https:\/\/www.evomontreal.com\/fr\/wp-json\/wp\/v2\/media\/?parent=4663"}],"wp:term":[{"taxonomy":"category","embeddable":true,"href":"https:\/\/www.evomontreal.com\/fr\/wp-json\/wp\/v2\/categories\/?post=4663"},{"taxonomy":"post_tag","embeddable":true,"href":"https:\/\/www.evomontreal.com\/fr\/wp-json\/wp\/v2\/tags\/?post=4663"}],"curies":[{"name":"wp","href":"https:\/\/api.w.org\/{rel}","templated":true}]}}