{"id":4334,"date":"2017-05-23T20:10:15","date_gmt":"2017-05-23T20:10:15","guid":{"rendered":"http:\/\/www.evomontreal.com\/?p=4334\/"},"modified":"2017-05-23T21:02:28","modified_gmt":"2017-05-23T21:02:28","slug":"les-festivals-du-mois-de-juin-que-tu-ne-dois-pas-rater","status":"publish","type":"post","link":"https:\/\/www.evomontreal.com\/fr\/les-festivals-du-mois-de-juin-que-tu-ne-dois-pas-rater\/","title":{"rendered":"LES FESTIVALS DU MOIS DE JUIN QUE TU NE DOIS PAS RATER"},"content":{"rendered":"<p>L\u2019hiver a \u00e9t\u00e9 long et le printemps s\u2019est fait d\u00e9sirer, mais maintenant on est pr\u00eat pour accueillir l\u2019\u00e9t\u00e9&nbsp;!<\/p>\n<p>Nous entrons dans la saison estivale&nbsp;et qui dit saison estivale dit saison des festivals \u2026<\/p>\n<p>Au mois de juin, les rues de Montr\u00e9al sont anim\u00e9es par de nombreux \u00e9v\u00e8nements de tout genre&nbsp;: artistiques, musicaux, festifs\u2026<\/p>\n<p>Le mois de juin sera color\u00e9 et tu n\u2019auras pas le temps de t\u2019ennuyer&nbsp;!<\/p>\n<p>Si tu viens d\u2019arriver pour la session d\u2019\u00e9t\u00e9 \u00e0 Montr\u00e9al, voici pour toi ta \u00ab&nbsp;To do list festival&nbsp;\u00bb du mois de juin 2017.<\/p>\n<p>&nbsp;<\/p>\n<h2>&#8211; Festival&nbsp;Mural<\/h2>\n<h5>Du&nbsp; 8 au 18 juin 2017<\/h5>\n<h5>Boulevard Saint-Laurent<\/h5>\n<p>&nbsp;Viens c\u00e9l\u00e9brer la cr\u00e9ativit\u00e9 et l\u2019art urbain sur le boulevard Saint-Laurent.&nbsp; De nombreux artistes locaux et internationaux sont attendus.<\/p>\n<p>Un \u00e9v\u00e8nement color\u00e9 pour bien commencer l\u2019\u00e9t\u00e9&nbsp;!<\/p>\n<p>Pour en savoir plus&nbsp;: <a href=\"https:\/\/www.facebook.com\/MuralMtl\/\">https:\/\/www.facebook.com\/MuralMtl\/<\/a><\/p>\n<p style=\"text-align: center;\"><a href=\"http:\/\/www.evomontreal.com\/wp-content\/uploads\/2017\/05\/murql-1.png\"><img decoding=\"async\" class=\"aligncenter\" src=\"http:\/\/www.evomontreal.com\/wp-content\/uploads\/2017\/05\/murql-1.png\"><\/a>Cr\u00e9dit photo: @<a href=\"https:\/\/www.instagram.com\/p\/BUIM_FKhkgo\/?tagged=muralfestival\">johnnylash<\/a><\/p>\n<h2>&nbsp;<\/h2>\n<h2>&#8211; Piknic \u00c9lectronique<\/h2>\n<h5>Les dimanches du 21 mai au 1er octobre 2017<\/h5>\n<h5>Parc Jean Drapeau<\/h5>\n<p>Id\u00e9al pour chiller le dimanche avec tes amis&nbsp;! Le Piknic Electronik est un festival de musique \u00e9lectronique qui se d\u00e9roule tous les dimanches dans le parc Jean Drapeau&nbsp;!<\/p>\n<p>Musique, soleil, amis, la vie est belle&nbsp;!<\/p>\n<p>Pour en savoir plus&nbsp;: <a href=\"https:\/\/www.facebook.com\/PiknicElectronik\/\">https:\/\/www.facebook.com\/PiknicElectronik\/<\/a>&nbsp;<\/p>\n<p style=\"text-align: center;\"><a href=\"http:\/\/www.evomontreal.com\/wp-content\/uploads\/2017\/05\/piknik.png\"><img decoding=\"async\" class=\"aligncenter\" src=\"http:\/\/www.evomontreal.com\/wp-content\/uploads\/2017\/05\/piknik.png\"><\/a>&nbsp;Credit photo: @spoupettes<\/p>\n<p style=\"text-align: center;\">&nbsp;<\/p>\n<h2>&#8211; Festival International de Jazz de Montr\u00e9al<\/h2>\n<h5>Du 28 juin au 8 juillet 2017<\/h5>\n<h5>400 bd de Maisonneuve O<\/h5>\n<p>Depuis 35 ans, le Festival International de Jazz anime la ville de Montr\u00e9al.&nbsp; Il a \u00e9t\u00e9 consacr\u00e9 par les Guinness Worlds Records comme le plus grand festival de jazz de la plan\u00e8te. Si tu es amateur ou passionn\u00e9 de musique de jazz, tu sais o\u00f9 aller&nbsp;!&nbsp;&nbsp;<\/p>\n<p>Pour en savoir plus&nbsp;: <a href=\"http:\/\/www.montrealjazzfest.com\/\">http:\/\/www.montrealjazzfest.com\/<\/a><\/p>\n<p style=\"text-align: center;\"><a href=\"http:\/\/www.evomontreal.com\/wp-content\/uploads\/2017\/05\/festijqzz2.png\"><img decoding=\"async\" class=\"aligncenter\" src=\"http:\/\/www.evomontreal.com\/wp-content\/uploads\/2017\/05\/festijqzz2.png\"><\/a>Credit photo: @<a href=\"https:\/\/www.instagram.com\/festivaljazzmtl\/\">festivaljazzmtl<\/a>&nbsp;<\/p>\n<h2>&nbsp;<\/h2>\n<h2>&#8211; Les FrancoFolies de Montr\u00e9al<\/h2>\n<h5>&nbsp;Du 8 au 18 juin 2017<\/h5>\n<h5>400 Boulevard de Maisonneuve O<\/h5>\n<p>&nbsp;Le lieu de rendez-vous de nos amis francophones&nbsp;! Mais pas seulement&#8230;<\/p>\n<p>Les Francofolies de Montr\u00e9al c\u2019est pr\u00e8s de 70 spectacles et 180 concerts gratuits \u00e0 l\u2019ext\u00e9rieur, rien que pour le plaisir de tes oreilles&nbsp;!<\/p>\n<p>Pendant 10 jours le centre-ville de Montr\u00e9al est en folie&nbsp;!<\/p>\n<p>Pour en savoir plus&nbsp;: <a href=\"http:\/\/www.francofolies.com\/default-fr.aspx\">http:\/\/www.francofolies.com\/default-fr.aspx<\/a><\/p>\n<p style=\"text-align: center;\"><a href=\"http:\/\/www.evomontreal.com\/wp-content\/uploads\/2017\/05\/francofolies.png\"><img decoding=\"async\" class=\"aligncenter\" src=\"http:\/\/www.evomontreal.com\/wp-content\/uploads\/2017\/05\/francofolies.png\"><\/a>Credit photo: @<a href=\"https:\/\/www.instagram.com\/jalqphotography\/\">jalqphotography<\/a>&nbsp;<\/p>\n<p style=\"text-align: center;\">&nbsp;<\/p>\n<h2>&#8211; GrandPrix Montr\u00e9al<\/h2>\n<h5>Du 9 au 11 juin 2017<\/h5>\n<h5>Ile Saint Helene<\/h5>\n<p>Une impressionnante comp\u00e9tition de 70 tours sur le circuit Gilles- Villeneuve qui rassemble des gens du monde entier pour acclamer les plus grands pilotes de la plan\u00e8te.<\/p>\n<p>Pour en savoir plus&nbsp;: <a href=\"https:\/\/www.canada-grand-prix.com\/\">https:\/\/www.canada-grand-prix.com<\/a><\/p>\n<p style=\"text-align: center;\"><a href=\"http:\/\/www.evomontreal.com\/wp-content\/uploads\/2017\/05\/grdx-prix-montreal.png\"><img decoding=\"async\" class=\"aligncenter\" src=\"http:\/\/www.evomontreal.com\/wp-content\/uploads\/2017\/05\/grdx-prix-montreal.png\"><\/a>Credit photo: @<a href=\"https:\/\/www.instagram.com\/p\/BGnUwjUQXrT\/\">toshmuniz<\/a><\/p>\n<h2>&nbsp;<\/h2>\n<h2>&#8211;&nbsp;Mondial de la bi\u00e8re<\/h2>\n<h5>Du 14 au 18 juin 2017<\/h5>\n<h5>Palais des congr\u00e8s<\/h5>\n<p>&nbsp;Le plus important festival de bi\u00e8res internationales en Am\u00e9rique du Nord.<\/p>\n<p>Lors de cette semaine \u00ab&nbsp;brassicole&nbsp;\u00bb tu pourras y d\u00e9couvrir une vaste s\u00e9lection de bi\u00e8res&nbsp;!&nbsp;<\/p>\n<p>Sant\u00e9&nbsp;!<\/p>\n<p>Pour en savoir plus&nbsp;: <a href=\"https:\/\/www.facebook.com\/Mondialbiere\/\">https:\/\/www.facebook.com\/Mondialbiere\/<\/a><\/p>\n<p style=\"text-align: center;\"><a href=\"http:\/\/www.evomontreal.com\/wp-content\/uploads\/2017\/05\/mondiqlbiere.png\"><img decoding=\"async\" class=\"aligncenter\" src=\"http:\/\/www.evomontreal.com\/wp-content\/uploads\/2017\/05\/mondiqlbiere.png\"><\/a>Credit photo: @<a href=\"https:\/\/www.instagram.com\/p\/BS345uxAuHa\/\">cervejariamohave<\/a><\/p>\n","protected":false},"excerpt":{"rendered":"<p>L\u2019hiver a \u00e9t\u00e9 long et le printemps s\u2019est fait d\u00e9sirer, mais maintenant on est pr\u00eat pour accueillir l\u2019\u00e9t\u00e9&nbsp;! Nous entrons dans la saison estivale&nbsp;et qui dit saison estivale dit saison des festivals \u2026 Au mois de juin, les rues de Montr\u00e9al sont anim\u00e9es par de nombreux \u00e9v\u00e8nements de tout genre&nbsp;: artistiques, musicaux, festifs\u2026 Le mois [&hellip;]<\/p>\n","protected":false},"author":4,"featured_media":4323,"comment_status":"open","ping_status":"open","sticky":false,"template":"","format":"standard","meta":{"ngg_post_thumbnail":0,"footnotes":""},"categories":[43,45,40],"tags":[209,261,144],"class_list":["post-4334","post","type-post","status-publish","format-standard","has-post-thumbnail","hentry","category-evenements","category-nightlife-fr","category-vie-etudiante","tag-festival","tag-francofolies","tag-summer"],"yoast_head":"<!-- This site is optimized with the Yoast SEO plugin v16.2 - https:\/\/yoast.com\/wordpress\/plugins\/seo\/ -->\n<meta name=\"robots\" content=\"index, follow, max-snippet:-1, max-image-preview:large, max-video-preview:-1\" \/>\n<link rel=\"canonical\" href=\"https:\/\/www.evomontreal.com\/fr\/les-festivals-du-mois-de-juin-que-tu-ne-dois-pas-rater\/\" \/>\n<meta property=\"og:locale\" content=\"fr_FR\" \/>\n<meta property=\"og:type\" content=\"article\" \/>\n<meta property=\"og:title\" content=\"LES FESTIVALS DU MOIS DE JUIN QUE TU NE DOIS PAS RATER | Evo Montreal\" \/>\n<meta property=\"og:description\" content=\"L\u2019hiver a \u00e9t\u00e9 long et le printemps s\u2019est fait d\u00e9sirer, mais maintenant on est pr\u00eat pour accueillir l\u2019\u00e9t\u00e9&nbsp;! Nous entrons dans la saison estivale&nbsp;et qui dit saison estivale dit saison des festivals \u2026 Au mois de juin, les rues de Montr\u00e9al sont anim\u00e9es par de nombreux \u00e9v\u00e8nements de tout genre&nbsp;: artistiques, musicaux, festifs\u2026 Le mois [&hellip;]\" \/>\n<meta property=\"og:url\" content=\"https:\/\/www.evomontreal.com\/fr\/les-festivals-du-mois-de-juin-que-tu-ne-dois-pas-rater\/\" \/>\n<meta property=\"og:site_name\" content=\"Evo Montreal\" \/>\n<meta property=\"article:publisher\" content=\"https:\/\/www.facebook.com\/evomontreal\" \/>\n<meta property=\"article:published_time\" content=\"2017-05-23T20:10:15+00:00\" \/>\n<meta property=\"article:modified_time\" content=\"2017-05-23T21:02:28+00:00\" \/>\n<meta property=\"og:image\" content=\"https:\/\/www.evomontreal.com\/wp-content\/uploads\/2017\/05\/festival-mural-2014.jpg\" \/>\n\t<meta property=\"og:image:width\" content=\"600\" \/>\n\t<meta property=\"og:image:height\" content=\"400\" \/>\n<meta name=\"twitter:card\" content=\"summary_large_image\" \/>\n<meta name=\"twitter:creator\" content=\"@evomontreal\" \/>\n<meta name=\"twitter:site\" content=\"@evomontreal\" \/>\n<meta name=\"twitter:label1\" content=\"Dur\u00e9e de lecture est.\">\n\t<meta name=\"twitter:data1\" content=\"3 minutes\">\n<script type=\"application\/ld+json\" class=\"yoast-schema-graph\">{\"@context\":\"https:\/\/schema.org\",\"@graph\":[{\"@type\":\"WebSite\",\"@id\":\"https:\/\/www.evomontreal.com\/#website\",\"url\":\"https:\/\/www.evomontreal.com\/\",\"name\":\"Evo Montreal\",\"description\":\"\",\"potentialAction\":[{\"@type\":\"SearchAction\",\"target\":\"https:\/\/www.evomontreal.com\/?s={search_term_string}\",\"query-input\":\"required name=search_term_string\"}],\"inLanguage\":\"fr-FR\"},{\"@type\":\"ImageObject\",\"@id\":\"https:\/\/www.evomontreal.com\/fr\/les-festivals-du-mois-de-juin-que-tu-ne-dois-pas-rater\/#primaryimage\",\"inLanguage\":\"fr-FR\",\"url\":\"https:\/\/www.evomontreal.com\/wp-content\/uploads\/2017\/05\/festival-mural-2014.jpg\",\"contentUrl\":\"https:\/\/www.evomontreal.com\/wp-content\/uploads\/2017\/05\/festival-mural-2014.jpg\",\"width\":600,\"height\":400},{\"@type\":\"WebPage\",\"@id\":\"https:\/\/www.evomontreal.com\/fr\/les-festivals-du-mois-de-juin-que-tu-ne-dois-pas-rater\/#webpage\",\"url\":\"https:\/\/www.evomontreal.com\/fr\/les-festivals-du-mois-de-juin-que-tu-ne-dois-pas-rater\/\",\"name\":\"LES FESTIVALS DU MOIS DE JUIN QUE TU NE DOIS PAS RATER | Evo Montreal\",\"isPartOf\":{\"@id\":\"https:\/\/www.evomontreal.com\/#website\"},\"primaryImageOfPage\":{\"@id\":\"https:\/\/www.evomontreal.com\/fr\/les-festivals-du-mois-de-juin-que-tu-ne-dois-pas-rater\/#primaryimage\"},\"datePublished\":\"2017-05-23T20:10:15+00:00\",\"dateModified\":\"2017-05-23T21:02:28+00:00\",\"author\":{\"@id\":\"https:\/\/www.evomontreal.com\/#\/schema\/person\/f51288c8e3cb8a4242eda64acd5162ff\"},\"breadcrumb\":{\"@id\":\"https:\/\/www.evomontreal.com\/fr\/les-festivals-du-mois-de-juin-que-tu-ne-dois-pas-rater\/#breadcrumb\"},\"inLanguage\":\"fr-FR\",\"potentialAction\":[{\"@type\":\"ReadAction\",\"target\":[\"https:\/\/www.evomontreal.com\/fr\/les-festivals-du-mois-de-juin-que-tu-ne-dois-pas-rater\/\"]}]},{\"@type\":\"BreadcrumbList\",\"@id\":\"https:\/\/www.evomontreal.com\/fr\/les-festivals-du-mois-de-juin-que-tu-ne-dois-pas-rater\/#breadcrumb\",\"itemListElement\":[{\"@type\":\"ListItem\",\"position\":1,\"item\":{\"@type\":\"WebPage\",\"@id\":\"https:\/\/www.evomontreal.com\/fr\/home\/\",\"url\":\"https:\/\/www.evomontreal.com\/fr\/home\/\",\"name\":\"Home\"}},{\"@type\":\"ListItem\",\"position\":2,\"item\":{\"@id\":\"https:\/\/www.evomontreal.com\/fr\/les-festivals-du-mois-de-juin-que-tu-ne-dois-pas-rater\/#webpage\"}}]},{\"@type\":\"Person\",\"@id\":\"https:\/\/www.evomontreal.com\/#\/schema\/person\/f51288c8e3cb8a4242eda64acd5162ff\",\"name\":\"Sarah Ricard\",\"image\":{\"@type\":\"ImageObject\",\"@id\":\"https:\/\/www.evomontreal.com\/#personlogo\",\"inLanguage\":\"fr-FR\",\"url\":\"https:\/\/secure.gravatar.com\/avatar\/635c0f6c79e0a172647803f1e5b78e548226fda758e540f7766e3e1791894869?s=96&d=mm&r=g\",\"contentUrl\":\"https:\/\/secure.gravatar.com\/avatar\/635c0f6c79e0a172647803f1e5b78e548226fda758e540f7766e3e1791894869?s=96&d=mm&r=g\",\"caption\":\"Sarah Ricard\"}}]}<\/script>\n<!-- \/ Yoast SEO plugin. -->","_links":{"self":[{"href":"https:\/\/www.evomontreal.com\/fr\/wp-json\/wp\/v2\/posts\/4334\/"}],"collection":[{"href":"https:\/\/www.evomontreal.com\/fr\/wp-json\/wp\/v2\/posts\/"}],"about":[{"href":"https:\/\/www.evomontreal.com\/fr\/wp-json\/wp\/v2\/types\/post\/"}],"author":[{"embeddable":true,"href":"https:\/\/www.evomontreal.com\/fr\/wp-json\/wp\/v2\/users\/4\/"}],"replies":[{"embeddable":true,"href":"https:\/\/www.evomontreal.com\/fr\/wp-json\/wp\/v2\/comments\/?post=4334"}],"version-history":[{"count":0,"href":"https:\/\/www.evomontreal.com\/fr\/wp-json\/wp\/v2\/posts\/4334\/revisions\/"}],"wp:featuredmedia":[{"embeddable":true,"href":"https:\/\/www.evomontreal.com\/fr\/wp-json\/wp\/v2\/media\/4323\/"}],"wp:attachment":[{"href":"https:\/\/www.evomontreal.com\/fr\/wp-json\/wp\/v2\/media\/?parent=4334"}],"wp:term":[{"taxonomy":"category","embeddable":true,"href":"https:\/\/www.evomontreal.com\/fr\/wp-json\/wp\/v2\/categories\/?post=4334"},{"taxonomy":"post_tag","embeddable":true,"href":"https:\/\/www.evomontreal.com\/fr\/wp-json\/wp\/v2\/tags\/?post=4334"}],"curies":[{"name":"wp","href":"https:\/\/api.w.org\/{rel}","templated":true}]}}